{"id":518,"date":"2025-03-07T11:03:42","date_gmt":"2025-03-07T16:03:42","guid":{"rendered":"https:\/\/www.cmpardo.com\/web\/?p=518"},"modified":"2025-03-07T11:08:28","modified_gmt":"2025-03-07T16:08:28","slug":"inauguracion-del-nuevo-pabellon-de-secundaria-y-areas-administrativas","status":"publish","type":"post","link":"https:\/\/www.cmpardo.com\/web\/2025\/03\/07\/inauguracion-del-nuevo-pabellon-de-secundaria-y-areas-administrativas\/","title":{"rendered":"Inauguraci\u00f3n del Nuevo Pabell\u00f3n de Secundaria y \u00e1reas administrativas"},"content":{"rendered":"\n<p>El pasado 22 de febrero, se llev\u00f3 a cabo la inauguraci\u00f3n del nuevo pabell\u00f3n del nivel secundario y las \u00e1reas administrativas, un evento lleno de emoci\u00f3n, gratitud y orgullo para toda nuestra comunidad educativa.&nbsp;<\/p>\n\n\n\n<p>Tras casi ocho meses de arduo trabajo y bajo la gesti\u00f3n de nuestro Director, P. Javier Gamero Torres, C.M., finalmente presentamos esta gran obra a toda la comunidad chiclayana, que fortalece y enaltece nuestra labor formativa.&nbsp;<\/p>\n\n\n\n<p>El evento cont\u00f3 con la presencia de distinguidas autoridades pol\u00edticas, civiles, militares y religiosas de nuestra ciudad, as\u00ed como del Superior Provincial de la Congregaci\u00f3n de la Misi\u00f3n de los Misioneros Vicentinos en el Per\u00fa, P. Jes\u00fas Garc\u00eda Matta, C.M. Tambi\u00e9n nos acompa\u00f1aron otros miembros de la comunidad vicentina:&nbsp;<\/p>\n\n\n\n<p>&#8211; P. C\u00e9sar Ch\u00e1vez Alva, C.M. (Ec\u00f3nomo Provincial)&nbsp;<\/p>\n\n\n\n<p>&#8211; P. Ricardo Cruz Huam\u00e1n, C.M. (ex Director del CMP)&nbsp;<\/p>\n\n\n\n<p>&#8211; P. An\u00edbal Vera Guerrero, C.M. (Superior de la Comunidad de Orrantia &#8211; Lima)&nbsp;<\/p>\n\n\n\n<p>&#8211; P. Franco Navarro Mel\u00e9ndez (Parroquia San Vicente de Pa\u00fal &#8211; Chiclayo)&nbsp;<\/p>\n\n\n\n<p>&#8211; P. Carlos Ram\u00edrez \u00c1lvarez, C.M. (Vicario Parroquial San Vicente de Pa\u00fal- Chiclayo)&nbsp;<\/p>\n\n\n\n<p><strong>Infraestructura y Ambientes<\/strong><\/p>\n\n\n\n<p>La obra, ejecutada bajo la direcci\u00f3n del arquitecto Francisco N\u00fa\u00f1ez T\u00e1vara, exalumno manuelpardino, cuenta con los siguientes espacios:&nbsp;<\/p>\n\n\n\n<p><strong>\u00c1reas Acad\u00e9micas y de Servicios&nbsp;<\/strong><\/p>\n\n\n\n<p>&#8211; 31 aulas, de las cuales:&nbsp;<\/p>\n\n\n\n<ul class=\"wp-block-list\">\n<li>28 est\u00e1n destinadas a las clases de nuestros alumnos de primero a quinto de secundaria.&nbsp;<\/li>\n\n\n\n<li>1 para *Rob\u00f3tica.&nbsp;<\/li>\n\n\n\n<li>2 para * Innovaci\u00f3n Pedag\u00f3gica*.&nbsp;<\/li>\n<\/ul>\n\n\n\n<p>&#8211;&nbsp; Ba\u00f1os para varones y mujeres, distribuidos en los tres niveles, incluyendo los \u201cba\u00f1os adaptados\u201d para estudiantes con habilidades diferentes<\/p>\n\n\n\n<p>&#8211; Oratorio con capacidad para 50 personas.&nbsp;<\/p>\n\n\n\n<p>&#8211; Sala de maestros.&nbsp;<\/p>\n\n\n\n<p>&#8211; \u00c1rea para el M\u00e9dico Ocupacional.&nbsp;<\/p>\n\n\n\n<p>&#8211; Lactario.&nbsp;<\/p>\n\n\n\n<p>&#8211; \u00c1rea de Enfermer\u00eda, completamente equipada.&nbsp;<\/p>\n\n\n\n<p>&#8211; Hall de recepci\u00f3n.&nbsp;<\/p>\n\n\n\n<p><strong>\u00c1rea Administrativa&nbsp;<\/strong><\/p>\n\n\n\n<p>Se han habilitado los siguientes espacios:&nbsp;<\/p>\n\n\n\n<p>&#8211; Oficina de Direcci\u00f3n General, completamente renovada.&nbsp;<\/p>\n\n\n\n<p>&#8211; Dos oficinas para Subdirectores.&nbsp;<\/p>\n\n\n\n<p>&#8211; Oficina de Secretar\u00eda de direcci\u00f3n.&nbsp;<\/p>\n\n\n\n<p>&#8211; Oficina de secretar\u00eda acad\u00e9mica<\/p>\n\n\n\n<p>&#8211; Oficina de asistenta social<\/p>\n\n\n\n<p>&#8211; Oficina de Ingenier\u00eda Inform\u00e1tica.&nbsp;<\/p>\n\n\n\n<p>&#8211; Tesorer\u00eda.&nbsp;<\/p>\n\n\n\n<p>&#8211; Oficina de Mesa de Partes.&nbsp;<\/p>\n\n\n\n<p>&#8211; Cuatro M\u00f3dulos para Psicolog\u00eda.&nbsp;<\/p>\n\n\n\n<p>&#8211; Oficina de Coordinaci\u00f3n de Tutor\u00eda.&nbsp;<\/p>\n\n\n\n<p>&#8211; Oficina de Imagen Institucional.&nbsp;<\/p>\n\n\n\n<p>&#8211; Oficina de Direcci\u00f3n Espiritual.&nbsp;<\/p>\n\n\n\n<p>&#8211; Oficina de Jefatura de personal<\/p>\n\n\n\n<p>&#8211; Sala de C\u00e1maras,<\/p>\n\n\n\n<p>&#8211; M\u00f3dulos para la atenci\u00f3n a padres de familia.&nbsp;<\/p>\n\n\n\n<p><strong>Mejoras y Nuevas Implementaciones<\/strong><\/p>\n\n\n\n<p>Como parte de este proyecto, tambi\u00e9n se incluyeron las siguientes mejoras:&nbsp;<\/p>\n\n\n\n<p>&#8211; Dos nuevos quioscos en el nivel secundario.&nbsp;<\/p>\n\n\n\n<p>&#8211; Grader\u00edas en ambos lados de la cancha.&nbsp;<\/p>\n\n\n\n<p>&#8211; Renovaci\u00f3n del Sagrado Coraz\u00f3n de Jes\u00fas.&nbsp;<\/p>\n\n\n\n<p>&#8211; Nuevas \u00e1reas verdes, con bustos de los sacerdotes m\u00e1s emblem\u00e1ticos de nuestra instituci\u00f3n, as\u00ed como de Miguel Grau Seminario y Don Manuel Pardo y Lavalle.&nbsp;<\/p>\n\n\n\n<p>&#8211; Nueva puerta de ingreso por la Calle Manuel Pardo.&nbsp;<\/p>\n\n\n\n<p>&#8211; Cobertura met\u00e1lica que protege todo el patio de secundaria, con iluminaci\u00f3n en toda su extensi\u00f3n.&nbsp;<\/p>\n\n\n\n<p>&#8211; La edificaci\u00f3n cuenta con un moderno sistema contraincendios, que incluye una cisterna exclusiva, detectores de humo en todas las oficinas y aulas as\u00ed como roseadores y extintores<\/p>\n\n\n\n<p>&#8211; La tecnolog\u00eda tambi\u00e9n est\u00e1 presente ya que cada aula cuenta con dispositivos wifi, proyectores multimedia l\u00e1ser de \u00faltima generaci\u00f3n, sistemas de audio.<\/p>\n\n\n\n<p><strong>Un Futuro de Crecimiento y Compromiso<\/strong><\/p>\n\n\n\n<p>Recibimos este nuevo a\u00f1o con renovadas convicciones y el firme compromiso de seguir creciendo y hacer realidad nuestra Misi\u00f3n y Visi\u00f3n como instituci\u00f3n educativa cat\u00f3lica y vicentina.&nbsp;<\/p>\n\n\n\n<p>Estamos convencidos de que esta nueva infraestructura contribuir\u00e1 significativamente al desempe\u00f1o pedag\u00f3gico y a la evangelizaci\u00f3n de nuestros estudiantes. Este logro es el fruto de la Providencia de Dios Padre, la protecci\u00f3n de nuestro patr\u00f3n San Vicente de Pa\u00fal, el esfuerzo conjunto de la Congregaci\u00f3n de la Misi\u00f3n, directivos, maestros, colaboradores, alumnos y padres de familia. Todo ello lo ponemos a la intercesi\u00f3n de nuestra Se\u00f1ora de la Medalla Milagrosa.<\/p>\n\n\n\n<p>Sigamos avanzando en nuestra tarea formativa, convencidos de que \u201ceducamos evangelizando, evangelizamos educando\u201d, forjando as\u00ed a los hombres y mujeres que nuestro pa\u00eds necesita.&nbsp;<\/p>\n\n\n\n<figure class=\"wp-block-gallery has-nested-images columns-default is-cropped wp-block-gallery-1 is-layout-flex wp-block-gallery-is-layout-flex\">\n<figure class=\"wp-block-image size-large\"><img fetchpriority=\"high\" decoding=\"async\" width=\"891\" height=\"1024\" data-id=\"526\" src=\"https:\/\/www.cmpardo.com\/web\/wp-content\/uploads\/2025\/03\/WhatsApp-Image-2025-03-07-at-11.00.12-AM-891x1024.jpeg\" alt=\"\" class=\"wp-image-526\" srcset=\"https:\/\/www.cmpardo.com\/web\/wp-content\/uploads\/2025\/03\/WhatsApp-Image-2025-03-07-at-11.00.12-AM-891x1024.jpeg 891w, https:\/\/www.cmpardo.com\/web\/wp-content\/uploads\/2025\/03\/WhatsApp-Image-2025-03-07-at-11.00.12-AM-261x300.jpeg 261w, https:\/\/www.cmpardo.com\/web\/wp-content\/uploads\/2025\/03\/WhatsApp-Image-2025-03-07-at-11.00.12-AM-768x882.jpeg 768w, https:\/\/www.cmpardo.com\/web\/wp-content\/uploads\/2025\/03\/WhatsApp-Image-2025-03-07-at-11.00.12-AM.jpeg 1114w\" sizes=\"(max-width: 891px) 100vw, 891px\" \/><\/figure>\n<\/figure>\n\n\n\n<figure class=\"wp-block-gallery has-nested-images columns-default is-cropped wp-block-gallery-2 is-layout-flex wp-block-gallery-is-layout-flex\">\n<figure class=\"wp-block-image size-large\"><img decoding=\"async\" width=\"1024\" height=\"576\" data-id=\"525\" src=\"https:\/\/www.cmpardo.com\/web\/wp-content\/uploads\/2025\/03\/WhatsApp-Image-2025-03-07-at-11.00.12-AM-1-1024x576.jpeg\" alt=\"\" class=\"wp-image-525\" srcset=\"https:\/\/www.cmpardo.com\/web\/wp-content\/uploads\/2025\/03\/WhatsApp-Image-2025-03-07-at-11.00.12-AM-1-1024x576.jpeg 1024w, https:\/\/www.cmpardo.com\/web\/wp-content\/uploads\/2025\/03\/WhatsApp-Image-2025-03-07-at-11.00.12-AM-1-300x169.jpeg 300w, https:\/\/www.cmpardo.com\/web\/wp-content\/uploads\/2025\/03\/WhatsApp-Image-2025-03-07-at-11.00.12-AM-1-768x432.jpeg 768w, https:\/\/www.cmpardo.com\/web\/wp-content\/uploads\/2025\/03\/WhatsApp-Image-2025-03-07-at-11.00.12-AM-1-400x225.jpeg 400w, https:\/\/www.cmpardo.com\/web\/wp-content\/uploads\/2025\/03\/WhatsApp-Image-2025-03-07-at-11.00.12-AM-1.jpeg 1280w\" sizes=\"(max-width: 1024px) 100vw, 1024px\" \/><\/figure>\n<\/figure>\n\n\n\n<figure class=\"wp-block-gallery has-nested-images columns-default is-cropped wp-block-gallery-3 is-layout-flex wp-block-gallery-is-layout-flex\">\n<figure class=\"wp-block-image size-large\"><img decoding=\"async\" width=\"1024\" height=\"576\" data-id=\"524\" src=\"https:\/\/www.cmpardo.com\/web\/wp-content\/uploads\/2025\/03\/WhatsApp-Image-2025-03-07-at-11.00.12-AM-2-1024x576.jpeg\" alt=\"\" class=\"wp-image-524\" srcset=\"https:\/\/www.cmpardo.com\/web\/wp-content\/uploads\/2025\/03\/WhatsApp-Image-2025-03-07-at-11.00.12-AM-2-1024x576.jpeg 1024w, https:\/\/www.cmpardo.com\/web\/wp-content\/uploads\/2025\/03\/WhatsApp-Image-2025-03-07-at-11.00.12-AM-2-300x169.jpeg 300w, https:\/\/www.cmpardo.com\/web\/wp-content\/uploads\/2025\/03\/WhatsApp-Image-2025-03-07-at-11.00.12-AM-2-768x432.jpeg 768w, https:\/\/www.cmpardo.com\/web\/wp-content\/uploads\/2025\/03\/WhatsApp-Image-2025-03-07-at-11.00.12-AM-2-400x225.jpeg 400w, https:\/\/www.cmpardo.com\/web\/wp-content\/uploads\/2025\/03\/WhatsApp-Image-2025-03-07-at-11.00.12-AM-2.jpeg 1280w\" sizes=\"(max-width: 1024px) 100vw, 1024px\" \/><\/figure>\n<\/figure>\n\n\n\n<figure class=\"wp-block-gallery has-nested-images columns-default is-cropped wp-block-gallery-4 is-layout-flex wp-block-gallery-is-layout-flex\">\n<figure class=\"wp-block-image size-large\"><img loading=\"lazy\" decoding=\"async\" width=\"1024\" height=\"768\" data-id=\"522\" src=\"https:\/\/www.cmpardo.com\/web\/wp-content\/uploads\/2025\/03\/WhatsApp-Image-2025-03-07-at-11.00.11-AM-2-1024x768.jpeg\" alt=\"\" class=\"wp-image-522\" srcset=\"https:\/\/www.cmpardo.com\/web\/wp-content\/uploads\/2025\/03\/WhatsApp-Image-2025-03-07-at-11.00.11-AM-2-1024x768.jpeg 1024w, https:\/\/www.cmpardo.com\/web\/wp-content\/uploads\/2025\/03\/WhatsApp-Image-2025-03-07-at-11.00.11-AM-2-300x225.jpeg 300w, https:\/\/www.cmpardo.com\/web\/wp-content\/uploads\/2025\/03\/WhatsApp-Image-2025-03-07-at-11.00.11-AM-2-768x576.jpeg 768w, https:\/\/www.cmpardo.com\/web\/wp-content\/uploads\/2025\/03\/WhatsApp-Image-2025-03-07-at-11.00.11-AM-2-400x300.jpeg 400w, https:\/\/www.cmpardo.com\/web\/wp-content\/uploads\/2025\/03\/WhatsApp-Image-2025-03-07-at-11.00.11-AM-2.jpeg 1280w\" sizes=\"(max-width: 1024px) 100vw, 1024px\" \/><\/figure>\n<\/figure>\n\n\n\n<p>\u00a1Felicidades, familia manuelpardina!<\/p>\n\n\n\n<figure class=\"wp-block-gallery has-nested-images columns-default is-cropped wp-block-gallery-5 is-layout-flex wp-block-gallery-is-layout-flex\">\n<figure class=\"wp-block-image size-large\"><img loading=\"lazy\" decoding=\"async\" width=\"768\" height=\"1024\" data-id=\"521\" src=\"https:\/\/www.cmpardo.com\/web\/wp-content\/uploads\/2025\/03\/WhatsApp-Image-2025-03-07-at-11.00.11-AM-1-768x1024.jpeg\" alt=\"\" class=\"wp-image-521\" srcset=\"https:\/\/www.cmpardo.com\/web\/wp-content\/uploads\/2025\/03\/WhatsApp-Image-2025-03-07-at-11.00.11-AM-1-768x1024.jpeg 768w, https:\/\/www.cmpardo.com\/web\/wp-content\/uploads\/2025\/03\/WhatsApp-Image-2025-03-07-at-11.00.11-AM-1-225x300.jpeg 225w, https:\/\/www.cmpardo.com\/web\/wp-content\/uploads\/2025\/03\/WhatsApp-Image-2025-03-07-at-11.00.11-AM-1.jpeg 960w\" sizes=\"(max-width: 768px) 100vw, 768px\" \/><\/figure>\n<\/figure>\n","protected":false},"excerpt":{"rendered":"<p>El pasado 22 de febrero, se llev\u00f3 a cabo la inauguraci\u00f3n del nuevo pabell\u00f3n del nivel secundario y las \u00e1reas administrativas, un evento lleno de emoci\u00f3n, gratitud y orgullo para toda nuestra comunidad educativa.&nbsp; Tras casi ocho meses de arduo trabajo y bajo la gesti\u00f3n de nuestro Director, P. Javier Gamero Torres, C.M., finalmente presentamos [&hellip;]<\/p>\n","protected":false},"author":1,"featured_media":520,"comment_status":"open","ping_status":"open","sticky":false,"template":"","format":"standard","meta":{"footnotes":""},"categories":[3],"tags":[],"class_list":["post-518","post","type-post","status-publish","format-standard","has-post-thumbnail","hentry","category-noticias"],"_links":{"self":[{"href":"https:\/\/www.cmpardo.com\/web\/wp-json\/wp\/v2\/posts\/518","targetHints":{"allow":["GET"]}}],"collection":[{"href":"https:\/\/www.cmpardo.com\/web\/wp-json\/wp\/v2\/posts"}],"about":[{"href":"https:\/\/www.cmpardo.com\/web\/wp-json\/wp\/v2\/types\/post"}],"author":[{"embeddable":true,"href":"https:\/\/www.cmpardo.com\/web\/wp-json\/wp\/v2\/users\/1"}],"replies":[{"embeddable":true,"href":"https:\/\/www.cmpardo.com\/web\/wp-json\/wp\/v2\/comments?post=518"}],"version-history":[{"count":2,"href":"https:\/\/www.cmpardo.com\/web\/wp-json\/wp\/v2\/posts\/518\/revisions"}],"predecessor-version":[{"id":527,"href":"https:\/\/www.cmpardo.com\/web\/wp-json\/wp\/v2\/posts\/518\/revisions\/527"}],"wp:featuredmedia":[{"embeddable":true,"href":"https:\/\/www.cmpardo.com\/web\/wp-json\/wp\/v2\/media\/520"}],"wp:attachment":[{"href":"https:\/\/www.cmpardo.com\/web\/wp-json\/wp\/v2\/media?parent=518"}],"wp:term":[{"taxonomy":"category","embeddable":true,"href":"https:\/\/www.cmpardo.com\/web\/wp-json\/wp\/v2\/categories?post=518"},{"taxonomy":"post_tag","embeddable":true,"href":"https:\/\/www.cmpardo.com\/web\/wp-json\/wp\/v2\/tags?post=518"}],"curies":[{"name":"wp","href":"https:\/\/api.w.org\/{rel}","templated":true}]}}