{"id":789,"date":"2025-08-05T09:31:45","date_gmt":"2025-08-05T14:31:45","guid":{"rendered":"https:\/\/www.cmpardo.com\/web\/?p=789"},"modified":"2025-08-21T09:48:03","modified_gmt":"2025-08-21T14:48:03","slug":"convocatoria-de-personal-2","status":"publish","type":"post","link":"https:\/\/www.cmpardo.com\/web\/2025\/08\/05\/convocatoria-de-personal-2\/","title":{"rendered":"CONVOCATORIA DE PERSONAL"},"content":{"rendered":"\n<p><strong>COLEGIO MANUEL PARDO<\/strong>, en cumplimiento de sus objetivos institucionales y del marco normativo vigente para instituciones privadas, <strong>convoca p\u00fablicamente<\/strong> a profesionales y\/o t\u00e9cnicos para ocupar plaza(s) vacante(s) para el presente a\u00f1o lectivo, conforme al siguiente detalle:<\/p>\n\n\n\n<p><strong>I. FINALIDAD DE LA CONVOCATORIA:<\/strong><\/p>\n\n\n\n<p>Contar con personal calificado, id\u00f3neo y comprometido con la formaci\u00f3n integral de los estudiantes, que contribuya al cumplimiento del Proyecto Educativo Institucional (PEI) y al fortalecimiento de la comunidad educativa, asimismo personal conforme al Art 49\u00b0 de la Ley 29973.<\/p>\n\n\n\n<p><strong>II. PLAZA(S) CONVOCADA(S):<\/strong><\/p>\n\n\n\n<ul class=\"wp-block-list\">\n<li>Cargo: Docentes de todas las especialidades.<\/li>\n\n\n\n<li>Nivel educativo: Inicial \/ Primaria \/ Secundaria \/ Otro.<\/li>\n\n\n\n<li>Personal administrativo: Psicolog\u00eda,  Asistenta Social y Bibliotecario.<\/li>\n\n\n\n<li>Cargo: T\u00e9cnico Deportivo<\/li>\n\n\n\n<li>Disciplinas: B\u00e1squet, nataci\u00f3n y v\u00f3ley.<\/li>\n<\/ul>\n\n\n\n<p><strong>III. REQUISITOS:<\/strong><\/p>\n\n\n\n<ul class=\"wp-block-list\">\n<li>T\u00edtulo profesional o t\u00e9cnico.<\/li>\n\n\n\n<li>Colegiatura y habilitaci\u00f3n vigente.<\/li>\n\n\n\n<li>Experiencia m\u00ednima de 3 a\u00f1os en funciones similares<\/li>\n\n\n\n<li>Conocimiento en herramientas digitales \/ Normativa educativa \/ Gesti\u00f3n pedag\u00f3gica.<\/li>\n<\/ul>\n\n\n\n<p><strong>IV. DOCUMENTACI\u00d3N A PRESENTAR:<\/strong><\/p>\n\n\n\n<ol start=\"1\" class=\"wp-block-list\">\n<li>Curr\u00edculum Vitae documentado (no mayor a 3 p\u00e1ginas)<\/li>\n\n\n\n<li>Copia del DNI<\/li>\n\n\n\n<li>Copia del t\u00edtulo profesional o t\u00e9cnico<\/li>\n\n\n\n<li>Constancias de trabajo y\/o certificados de capacitaci\u00f3n<\/li>\n\n\n\n<li>Declaraci\u00f3n jurada de no tener antecedentes penales, judiciales ni policiales<\/li>\n<\/ol>\n\n\n\n<p><strong>V. MODALIDAD DE PRESENTACI\u00d3N:<\/strong><\/p>\n\n\n\n<p>Los expedientes deber\u00e1n ser enviados al correo electr\u00f3nico <a href=\"mailto:convocatorialaboral@cmpardo.pe\">convocatorialaboral@cmpardo.pe<\/a>.<\/p>\n\n\n\n<p>&nbsp;<br><strong>VI. OBSERVACIONES:<\/strong><\/p>\n\n\n\n<ul class=\"wp-block-list\">\n<li>Solo se evaluar\u00e1n los expedientes que cumplan con los requisitos.<\/li>\n\n\n\n<li>La instituci\u00f3n se reserva el derecho de declarar desierta la convocatoria.<\/li>\n\n\n\n<li>Cualquier aspecto no contemplado ser\u00e1 resuelto por el Comit\u00e9 de Evaluaci\u00f3n.<\/li>\n<\/ul>\n","protected":false},"excerpt":{"rendered":"<p>COLEGIO MANUEL PARDO, en cumplimiento de sus objetivos institucionales y del marco normativo vigente para instituciones privadas, convoca p\u00fablicamente a profesionales y\/o t\u00e9cnicos para ocupar plaza(s) vacante(s) para el presente a\u00f1o lectivo, conforme al siguiente detalle: I. FINALIDAD DE LA CONVOCATORIA: Contar con personal calificado, id\u00f3neo y comprometido con la formaci\u00f3n integral de los estudiantes, [&hellip;]<\/p>\n","protected":false},"author":1,"featured_media":790,"comment_status":"open","ping_status":"open","sticky":false,"template":"","format":"standard","meta":{"footnotes":""},"categories":[3,1],"tags":[],"class_list":["post-789","post","type-post","status-publish","format-standard","has-post-thumbnail","hentry","category-noticias","category-sin-categoria"],"_links":{"self":[{"href":"https:\/\/www.cmpardo.com\/web\/wp-json\/wp\/v2\/posts\/789","targetHints":{"allow":["GET"]}}],"collection":[{"href":"https:\/\/www.cmpardo.com\/web\/wp-json\/wp\/v2\/posts"}],"about":[{"href":"https:\/\/www.cmpardo.com\/web\/wp-json\/wp\/v2\/types\/post"}],"author":[{"embeddable":true,"href":"https:\/\/www.cmpardo.com\/web\/wp-json\/wp\/v2\/users\/1"}],"replies":[{"embeddable":true,"href":"https:\/\/www.cmpardo.com\/web\/wp-json\/wp\/v2\/comments?post=789"}],"version-history":[{"count":3,"href":"https:\/\/www.cmpardo.com\/web\/wp-json\/wp\/v2\/posts\/789\/revisions"}],"predecessor-version":[{"id":794,"href":"https:\/\/www.cmpardo.com\/web\/wp-json\/wp\/v2\/posts\/789\/revisions\/794"}],"wp:featuredmedia":[{"embeddable":true,"href":"https:\/\/www.cmpardo.com\/web\/wp-json\/wp\/v2\/media\/790"}],"wp:attachment":[{"href":"https:\/\/www.cmpardo.com\/web\/wp-json\/wp\/v2\/media?parent=789"}],"wp:term":[{"taxonomy":"category","embeddable":true,"href":"https:\/\/www.cmpardo.com\/web\/wp-json\/wp\/v2\/categories?post=789"},{"taxonomy":"post_tag","embeddable":true,"href":"https:\/\/www.cmpardo.com\/web\/wp-json\/wp\/v2\/tags?post=789"}],"curies":[{"name":"wp","href":"https:\/\/api.w.org\/{rel}","templated":true}]}}